{"id":879,"date":"2018-09-23T10:47:39","date_gmt":"2018-09-23T08:47:39","guid":{"rendered":"http:\/\/www.626antincendi.it\/blog\/?p=879"},"modified":"2018-09-23T10:47:39","modified_gmt":"2018-09-23T08:47:39","slug":"privacy-nuovo-regolamento-europeo","status":"publish","type":"post","link":"https:\/\/www.626antincendi.it\/blog\/privacy-nuovo-regolamento-europeo\/","title":{"rendered":"Privacy: pubblicato il decreto di adeguamento al Regolamento Europeo"},"content":{"rendered":"<p>Il 4 settembre 2018 \u00e8 stato pubblicato in Gazzetta Ufficiale il D. Lgs. n. 101\/2018 che ha modificato, abrogato ed integrato le disposizioni del D. Lgs. n. 196\/2003 il c.d. \u201cCodice Privacy\u201d. Le novit\u00e0 sono tante e nei prossimi mesi il Garante della Privacy pubblicher\u00e0 ulteriori indicazioni.<\/p>\n<p>Di seguito riportiamo le principali modifiche ed integrazioni.<\/p>\n<p>&#8211; Curriculum: l\u2019informativa va fornita al momento del primo contatto utile successivo all&#8217;invio del curriculum. Il consenso del candidato non \u00e8 richiesto nel caso in cui il trattamento dei dati sia necessario all&#8217;esecuzione di un contratto di cui l\u2019interessato \u00e8 parte o all&#8217;esecuzione di misure precontrattuali adottate su richiesta dello stesso.<\/p>\n<p>&#8211; Consenso dei minori: in relazione all&#8217;offerta diretta di \u201cservizi della societ\u00e0 dell\u2019informazione\u201d il consenso potr\u00e0 essere espresso al compimento di 14 anni di et\u00e0. Al di sotto di tale soglia il consenso dovr\u00e0 essere manifestato da chi esercita la responsabilit\u00e0 genitoriale.<\/p>\n<p>&#8211; Semplificazioni per PMI: l\u2019art. 154-bis prevede l\u2019emanazione nei prossimi mesi di linee guida da parte del Garante della Privacy per la semplificazione di adempimenti del titolare del trattamento.<\/p>\n<p>&#8211; Sanit\u00e0: in ambito sanitario \u00e8 stato precisato il venir meno del consenso quando i dati sono trattati per finalit\u00e0 di diagnosi e cura. Inoltre, viene specificato che in caso di trattamento di dati biometrici, genetici e relativi alla salute dovranno essere applicate e rispettate le misure di garanzia che verranno stabilite dal Garante della Privacy con cadenza biennale.<\/p>\n<p>&#8211; Sanzioni: vengono penalmente sanzionati i seguenti trattamenti:<\/p>\n<p>Trattamento illecito di dati personali<br \/>\nComunicazione e diffusione illecita di dati personali oggetto di trattamento di larga scala<br \/>\nFalse dichiarazioni dinanzi al Garante della Privacy<br \/>\nInosservanza dei provvedimenti del Garante<br \/>\nAcquisizione fraudolenta di dati personali oggetto di trattamento di larga scala<br \/>\nInfine specifichiamo la giusta interpretazione dell\u2019art. 22 del nuovo decreto. Infatti, nei giorni scorsi si era parlato di sospensione delle sanzioni. In realt\u00e0, le sanzioni disciplinate dal Regolamento Europeo n. 679\/2016 e dal decreto n. 101\/2018 sono in vigore e applicabili. Nei prossimi otto mesi l\u2019applicazione delle sanzioni sar\u00e0 influenzata da molteplici fattori, tra cui il processo di adeguamento che stanno effettuando le aziende, le linee guida che saranno messer a disposizione dal Garante della Privacy e gli strumenti che gli ispettori hanno a loro disposizione per effettuare controlli e sanzioni.<\/p>\n","protected":false},"excerpt":{"rendered":"<p>Il 4 settembre 2018 \u00e8 stato pubblicato in Gazzetta Ufficiale il D. Lgs. n. 101\/2018&#8230;<\/p>\n","protected":false},"author":1,"featured_media":880,"comment_status":"closed","ping_status":"closed","sticky":false,"template":"","format":"standard","meta":{"footnotes":""},"categories":[54,1],"tags":[48],"_links":{"self":[{"href":"https:\/\/www.626antincendi.it\/blog\/wp-json\/wp\/v2\/posts\/879"}],"collection":[{"href":"https:\/\/www.626antincendi.it\/blog\/wp-json\/wp\/v2\/posts"}],"about":[{"href":"https:\/\/www.626antincendi.it\/blog\/wp-json\/wp\/v2\/types\/post"}],"author":[{"embeddable":true,"href":"https:\/\/www.626antincendi.it\/blog\/wp-json\/wp\/v2\/users\/1"}],"replies":[{"embeddable":true,"href":"https:\/\/www.626antincendi.it\/blog\/wp-json\/wp\/v2\/comments?post=879"}],"version-history":[{"count":1,"href":"https:\/\/www.626antincendi.it\/blog\/wp-json\/wp\/v2\/posts\/879\/revisions"}],"predecessor-version":[{"id":881,"href":"https:\/\/www.626antincendi.it\/blog\/wp-json\/wp\/v2\/posts\/879\/revisions\/881"}],"wp:featuredmedia":[{"embeddable":true,"href":"https:\/\/www.626antincendi.it\/blog\/wp-json\/wp\/v2\/media\/880"}],"wp:attachment":[{"href":"https:\/\/www.626antincendi.it\/blog\/wp-json\/wp\/v2\/media?parent=879"}],"wp:term":[{"taxonomy":"category","embeddable":true,"href":"https:\/\/www.626antincendi.it\/blog\/wp-json\/wp\/v2\/categories?post=879"},{"taxonomy":"post_tag","embeddable":true,"href":"https:\/\/www.626antincendi.it\/blog\/wp-json\/wp\/v2\/tags?post=879"}],"curies":[{"name":"wp","href":"https:\/\/api.w.org\/{rel}","templated":true}]}}