{"id":843,"date":"2018-05-09T12:09:36","date_gmt":"2018-05-09T10:09:36","guid":{"rendered":"http:\/\/www.626antincendi.it\/blog\/?p=843"},"modified":"2018-05-09T12:09:36","modified_gmt":"2018-05-09T10:09:36","slug":"gdpr-regolamento-europeo-sulla-privacy","status":"publish","type":"post","link":"https:\/\/www.626antincendi.it\/blog\/gdpr-regolamento-europeo-sulla-privacy\/","title":{"rendered":"GDPR: Il Nuovo Regolamento Europeo Sulla Privacy"},"content":{"rendered":"<h2>Con l\u2019emanazione del Regolamento Europeo n. 679\/2016 il legislatore europeo ha concesso due anni di tempo alle aziende e Pubbliche Amministrazioni degli Stati Membri per mettersi in regola con il testo di legge.<\/h2>\n<p>Questa operazione in Italia \u00e8 assai complessa: il <strong>D. Lgs. n. 196\/2003<\/strong> non viene abrogato pertanto, finch\u00e9 non verr\u00e0 emanata dallo Stato italiano una nuova normativa, si dovr\u00e0 armonizzare le due normative. Parte del Decreto \u00e8 conforme alla norma europea, mentre per altri aspetti il campo viene ristretto.<\/p>\n<p>Innanzitutto, la nuova disciplina si applica sia ad enti pubblici che ad enti privati che trattano dati personali cio\u00e8 \u201cqualsiasi informazione riguardante una persona fisica identificata o identificabile (interessato). [\u2026] con particolare riferimento a un identificativo come il nome, un numero di identificazione, dati relativi all&#8217;ubicazione, un identificativo online o a uno o pi\u00f9 elementi caratteristici dalla sua identit\u00e0 fisica, fisiologica, genetica, psichica, economica, culturale o sociale.\u201d<\/p>\n<p>Inoltre, la normativa detta dei requisiti pi\u00f9 stringenti per i dati giudiziari, biometrici e di salute.<\/p>\n<p><strong>Le maggiori novit\u00e0 consistono:<\/strong><\/p>\n<ul>\n<li><strong>Consenso:<\/strong> per i dati sensibili entra in vigore l\u2019obbligo di richiedere un esplicito consenso all\u2019interessato;<\/li>\n<li><strong>Informativa:<\/strong> deve essere specificato il recapito del Titolare o Responsabile del Trattamento, la base giuridica del trattamento, se i dati vengono comunicati a soggetti terzi e all\u2019estero, la durata della conservazione dei dati e i diritti esercitabili dall\u2019interessato;<\/li>\n<li><strong>Titolarit\u00e0 del trattamento:<\/strong> viene disciplinata e concessa la contitolarit\u00e0 e definita la nomina del Responsabile del trattamento e dei suoi collaboratori;<\/li>\n<li><strong>Registro dei trattamenti e la valutazione d\u2019impatto:<\/strong> per le aziende che trattano dati personali vi \u00e8 l\u2019obbligatoriet\u00e0 del registro dei trattamenti ai sensi dell\u2019art. 30. Inoltre, la normativa disciplina i casi in cui \u00e8 obbligatorio effettuare la valutazione d\u2019impatto, anche se il Garante della Privacy ha consigliato di effettuarla a prescindere.<\/li>\n<\/ul>\n<p><em><strong>La normativa entrer\u00e0 in vigore il 25\/05\/2018<\/strong><\/em> e da quella data le aziende che trattano i dati dovranno gi\u00e0 essere conformi attraverso la redazione del Manuale della Privacy.<\/p>\n<p><a href=\"mailto:info@626antincendi.it\">Contattaci<\/a> per la redazione o aggiornamento del Manuale della privacy. Un nostro tecnico specializzato, dopo un sopralluogo, ti aiuter\u00e0 a redigere la documentazione necessaria.<\/p>\n<h1><strong>Non farti trovare impreparato il 25 maggio!!!<\/strong><\/h1>\n","protected":false},"excerpt":{"rendered":"<p>Con l\u2019emanazione del Regolamento Europeo n. 679\/2016 il legislatore europeo ha concesso due anni di&#8230;<\/p>\n","protected":false},"author":1,"featured_media":844,"comment_status":"closed","ping_status":"closed","sticky":false,"template":"","format":"standard","meta":{"footnotes":""},"categories":[1],"tags":[],"_links":{"self":[{"href":"https:\/\/www.626antincendi.it\/blog\/wp-json\/wp\/v2\/posts\/843"}],"collection":[{"href":"https:\/\/www.626antincendi.it\/blog\/wp-json\/wp\/v2\/posts"}],"about":[{"href":"https:\/\/www.626antincendi.it\/blog\/wp-json\/wp\/v2\/types\/post"}],"author":[{"embeddable":true,"href":"https:\/\/www.626antincendi.it\/blog\/wp-json\/wp\/v2\/users\/1"}],"replies":[{"embeddable":true,"href":"https:\/\/www.626antincendi.it\/blog\/wp-json\/wp\/v2\/comments?post=843"}],"version-history":[{"count":1,"href":"https:\/\/www.626antincendi.it\/blog\/wp-json\/wp\/v2\/posts\/843\/revisions"}],"predecessor-version":[{"id":845,"href":"https:\/\/www.626antincendi.it\/blog\/wp-json\/wp\/v2\/posts\/843\/revisions\/845"}],"wp:featuredmedia":[{"embeddable":true,"href":"https:\/\/www.626antincendi.it\/blog\/wp-json\/wp\/v2\/media\/844"}],"wp:attachment":[{"href":"https:\/\/www.626antincendi.it\/blog\/wp-json\/wp\/v2\/media?parent=843"}],"wp:term":[{"taxonomy":"category","embeddable":true,"href":"https:\/\/www.626antincendi.it\/blog\/wp-json\/wp\/v2\/categories?post=843"},{"taxonomy":"post_tag","embeddable":true,"href":"https:\/\/www.626antincendi.it\/blog\/wp-json\/wp\/v2\/tags?post=843"}],"curies":[{"name":"wp","href":"https:\/\/api.w.org\/{rel}","templated":true}]}}