{"id":765,"date":"2017-06-01T09:35:46","date_gmt":"2017-06-01T07:35:46","guid":{"rendered":"http:\/\/www.626antincendi.it\/blog\/?p=765"},"modified":"2017-05-29T09:50:56","modified_gmt":"2017-05-29T07:50:56","slug":"disabilita-e-emergenza-i-sistemi-di-evacuazione-alternativi","status":"publish","type":"post","link":"https:\/\/www.626antincendi.it\/blog\/disabilita-e-emergenza-i-sistemi-di-evacuazione-alternativi\/","title":{"rendered":"Disabilit\u00e0 ed Emergenza: I Sistemi Di Evacuazione Alternativi"},"content":{"rendered":"<p>\u201cIn un mondo civile in caso di emergenza tutte le persone dovrebbero avere le stesse possibilit\u00e0 di sopravvivenza. Ci\u00f2 nonostante, alcune persone possono riscontrare barriere fisiche o essere soggetti a particolari difficolt\u00e0 di comunicazione che impediscono loro di reagire in modo efficace nelle situazioni di crisi negando loro la possibilit\u00e0 di usufruire dell&#8217;assistenza fornita alle altre persone\u201d.<\/p>\n<p>A sottolinearlo, con riferimento alla scarsa attenzione che a volte viene data all\u2019<b>assistenza ai \u2018disabili\u2019 in situazioni di emergenza<\/b>, \u00e8 il Prof. Ing. <b>Nicola Marotta<\/b> in una sua lezione relativa al Master di Secondo Livello in Management in Sicurezza dei Luoghi di Lavoro e Valutazione dei Rischi (Esperto in Sicurezza) dell&#8217; <a href=\"http:\/\/www.unipi.it\/\" target=\"_blank\" rel=\"noopener noreferrer\">Universit\u00e0 di Pisa<\/a>.<\/p>\n<h3><strong>La Carta di Verona sul salvataggio delle persone con disabilit\u00e0 in situazioni di crisi ed emergenza:<\/strong><\/h3>\n<p>Una carta che ha l\u2019obiettivo (art.1) di \u201cdelineare le basi per articolare una visione comune ed universale riguardo tutti gli aspetti delle attivit\u00e0 che sono necessarie per garantire la protezione e la sicurezza di persone con disabilit\u00e0 in situazioni di rischio\u201d.<\/p>\n<p><em>Questi alcuni <b>aspetti principali<\/b> messi in evidenza dalla Carta:<\/em><\/p>\n<ul>\n<li>Il principio della non discriminazione e delle pari opportunit\u00e0 (art.2);<\/li>\n<li>La necessit\u00e0 di coinvolgere le persone con disabilit\u00e0 e le loro organizzazioni nei processi decisionali riguardanti situazioni di emergenze umanitarie, negli eventi di disastri naturali o provocati dall&#8217;uomo e in tutte le relative attivit\u00e0 di gestione dell&#8217;emergenza (art.3);<\/li>\n<li>La responsabilit\u00e0 delle istituzioni di garantire l&#8217;adeguato livello di protezione e sicurezza delle persone disabili in situazioni di rischio (art.5);<\/li>\n<li>La necessit\u00e0 di formare, sensibilizzare e addestrare tutti gli attori coinvolti in situazioni di gestione del rischio e nei processi di salvataggio (art. 13);<\/li>\n<\/ul>\n<p><strong>La ricerca di sistemi di evacuazione alternativi e affidabili<\/strong>, che non richiedono mutamenti architettonico-strutturali significativi, \u00e8 fortemente sentita nel campo della <strong>prevenzione incendi<\/strong>, oltre che per la presenza di persone disabili, soprattutto per gli edifici pregevoli per arte e storia, ove qualsiasi tipo di trasformazione edilizia appare di difficile attuazione ed in contrasto con il severo sistema vincolistico in vigore nel nostro paese. E due sistemi sembrano <em>\u201cpoter essere presi in seria considerazione, in quando gi\u00e0 adottati e sperimentati con rigore, ormai da alcuni anni, soprattutto per l\u2019evacuazione di emergenza in campo navale e come evacuazione di emergenza negli aeromobili: <strong>Escape Chute System<\/strong> (ECS); <strong>Evacuation Slide System<\/strong> (ESS)<\/em>\u201d.<\/p>\n<p>Si segnala che il sistema \u201c<b>Escape chute<\/b>\u201d \u00e8 ideato per l\u2019evacuazione di emergenza \u201canche da altezze elevate, viene montato solitamente all\u2019esterno. Nella sua forma tipica esterna \u00e8 costituito da un tubo verticale di stoffa a tre strati: il rivestimento esterno \u00e8 resistente al fuoco ed a tutti gli agenti atmosferici, lo strato interno \u00e8 costituito da un tipo di stoffa che facilita lo scivolamento, mentre lo strato intermedio ha funzione portante. L\u2019altezza raggiungibile con questo sistema di evacuazione \u00e8 di 60 &#8211; 80 metri\u201d.<\/p>\n<p>Dunque se la sicurezza delle persone con disabilit\u00e0 in caso di emergenza dagli edifici storici e artistici in alcuni casi pu\u00f2 essere difficile da ottenere, il sistema di evacuazione alternativo descritto \u201cpu\u00f2, in questi casi, risolvere il problema. Si tratta di un sistema che ancora deve essere sperimentato e richiede controlli appropriati, soprattutto in relazione alla sua affidabilit\u00e0 e la capacit\u00e0 d\u2019uso\u201d.<\/p>\n<p><a href=\"https:\/\/www.puntosicuro.it\/incendio-emergenza-primo-soccorso-C-79\/gestione-emergenza-ed-evacuazione-C-84\/emergenza-disabilita-i-sistemi-di-evacuazione-alternativi-AR-16718\/\"><em>(Fonte)<\/em><\/a><\/p>\n","protected":false},"excerpt":{"rendered":"<p>\u201cIn un mondo civile in caso di emergenza tutte le persone dovrebbero avere le stesse&#8230;<\/p>\n","protected":false},"author":1,"featured_media":770,"comment_status":"closed","ping_status":"closed","sticky":false,"template":"","format":"standard","meta":{"footnotes":""},"categories":[1],"tags":[4,32,82,81,31],"_links":{"self":[{"href":"https:\/\/www.626antincendi.it\/blog\/wp-json\/wp\/v2\/posts\/765"}],"collection":[{"href":"https:\/\/www.626antincendi.it\/blog\/wp-json\/wp\/v2\/posts"}],"about":[{"href":"https:\/\/www.626antincendi.it\/blog\/wp-json\/wp\/v2\/types\/post"}],"author":[{"embeddable":true,"href":"https:\/\/www.626antincendi.it\/blog\/wp-json\/wp\/v2\/users\/1"}],"replies":[{"embeddable":true,"href":"https:\/\/www.626antincendi.it\/blog\/wp-json\/wp\/v2\/comments?post=765"}],"version-history":[{"count":1,"href":"https:\/\/www.626antincendi.it\/blog\/wp-json\/wp\/v2\/posts\/765\/revisions"}],"predecessor-version":[{"id":771,"href":"https:\/\/www.626antincendi.it\/blog\/wp-json\/wp\/v2\/posts\/765\/revisions\/771"}],"wp:featuredmedia":[{"embeddable":true,"href":"https:\/\/www.626antincendi.it\/blog\/wp-json\/wp\/v2\/media\/770"}],"wp:attachment":[{"href":"https:\/\/www.626antincendi.it\/blog\/wp-json\/wp\/v2\/media?parent=765"}],"wp:term":[{"taxonomy":"category","embeddable":true,"href":"https:\/\/www.626antincendi.it\/blog\/wp-json\/wp\/v2\/categories?post=765"},{"taxonomy":"post_tag","embeddable":true,"href":"https:\/\/www.626antincendi.it\/blog\/wp-json\/wp\/v2\/tags?post=765"}],"curies":[{"name":"wp","href":"https:\/\/api.w.org\/{rel}","templated":true}]}}