{"id":648,"date":"2017-02-06T10:09:51","date_gmt":"2017-02-06T09:09:51","guid":{"rendered":"http:\/\/www.626antincendi.it\/blog\/?p=648"},"modified":"2017-02-20T10:32:36","modified_gmt":"2017-02-20T09:32:36","slug":"disabilita-emergenza-in-azienda","status":"publish","type":"post","link":"https:\/\/www.626antincendi.it\/blog\/disabilita-emergenza-in-azienda\/","title":{"rendered":"Disabilit\u00e0 Nelle Situazioni Di Emergenza In Azienda"},"content":{"rendered":"<h2>SI TIENE CONTO DELLE DISABILIT\u00c0 NELLE SITUAZIONI DI EMERGENZA IN AZIENDA?<\/h2>\n<h3>Come sappiamo, l\u2019 Italia \u00e8 un paese che per tanti motivi, sia indipendenti che dipendenti dalle nostre azioni, \u00e8 spesso soggetto a pi\u00f9 o meno gravi emergenze. E non sempre si \u00e8 sufficientemente attenti, nella pianificazione e nell\u2019attuazione delle misure necessarie in situazioni di emergenza, al tema della disabilit\u00e0.<\/h3>\n<p>&nbsp;<\/p>\n<p>La questione dell\u2019<strong>assistenza ai disabili<\/strong> in situazioni di emergenza \u00e8 stata spesso ignorata, nonostante si sappia che i disastri naturali e artificiali tendono ad avere un impatto sproporzionato sulle persone con disabilit\u00e0.<\/p>\n<p>Durante le emergenze ci possono essere, ad esempio, <em>problemi nell\u2019evacuazione<\/em>, se l&#8217;assistenza non \u00e8 disponibile, in caso di disabilit\u00e0 fisiche. Ci possono essere poi difficolt\u00e0 con la comprensione delle istruzioni che devono essere seguite in caso di una emergenza, ad esempio negli individui con <strong>disturbi cognitivi<\/strong>.<\/p>\n<p>Senza dimenticare che coloro che sono non vedenti, non udenti, etc. possono avere difficolt\u00e0 a comunicare durante l&#8217;emergenza. Tutti questi fattori possono aumentare il <strong>livello di rischio in situazioni di emergenza con persone disabili<\/strong>.<\/p>\n<p>L<em>\u2019<a href=\"http:\/\/www.who.int\/en\/\">Organizzazione mondiale della Sanit\u00e0<\/a><\/em> (OMS) ci ricorda che la <strong>disabilit\u00e0<\/strong> \u00e8:<\/p>\n<blockquote><p>\u201cUna condizione di vita che tutti gli esseri umani possono sperimentare in forma pi\u00f9 o meno duratura in alcune fasi della propria esistenza. Di fatto, la percentuale delle persone con disabilit\u00e0 nel mondo \u00e8 in costante crescita, per motivi di diversa natura&#8221;.<\/p><\/blockquote>\n<p>Vediamo alcuni dati:<br \/>\n&#8211; Una persona su dieci nel mondo ha una disabilit\u00e0. Le stime delle Nazioni Unite segnalano infatti la presenza, in tutto il globo, di circa 650 milioni di persone disabili. Circa l\u201980% di loro vive nei paesi in via di sviluppo, dove un terzo dei bambini in et\u00e0 scolare \u00e8 affetto da disabilit\u00e0;<br \/>\n&#8211; Le persone con disabilit\u00e0 rappresentano almeno il 16% della popolazione dell\u2019UE in et\u00e0 lavorativa;<br \/>\n&#8211; Oltre 45 milioni di persone in Europa di et\u00e0 compresa fra i 16 e i 64 anni, vale a dire una persona su 6, hanno un problema di salute di lunga durata o una disabilit\u00e0;<br \/>\n&#8211; Fra i giovani (dai 16 ai 25 anni) la percentuale si attesta sul 7,3 %;<br \/>\n&#8211; Con l\u2019invecchiamento della popolazione a livello mondiale, il numero delle persone disabili \u00e8 destinato ad aumentare.<br \/>\nBisogna fare in modo che tutti i progetti, compresi quelli di emergenza, siano inclusivi dei bisogni delle persone disabili, le quali corrono un<strong> rischio molto pi\u00f9 grande<\/strong> in caso di disastri naturali o in quelli causati dall\u2019uomo rispetto alle persone senza disabilit\u00e0.<\/p>\n<p>Quindi \u00e8 anche <strong>necessaria una preparazione maggiore<\/strong> degli operatori dell\u2019emergenza affinch\u00e9 i bisogni specifici delle persone con disabilit\u00e0 vengano presi tutti in considerazione.<\/p>\n<p><em><a href=\"https:\/\/www.puntosicuro.it\/incendio-emergenza-primo-soccorso-C-79\/gestione-emergenza-ed-evacuazione-C-84\/si-tiene-conto-delle-disabilita-nelle-situazioni-di-emergenza-AR-16716\/\">(Fonte)<\/a><\/em><\/p>\n","protected":false},"excerpt":{"rendered":"<p>SI TIENE CONTO DELLE DISABILIT\u00c0 NELLE SITUAZIONI DI EMERGENZA IN AZIENDA? Come sappiamo, l\u2019 Italia&#8230;<\/p>\n","protected":false},"author":1,"featured_media":650,"comment_status":"closed","ping_status":"open","sticky":false,"template":"","format":"standard","meta":{"footnotes":""},"categories":[1],"tags":[36,30,33,32,29,34,35,31,3],"_links":{"self":[{"href":"https:\/\/www.626antincendi.it\/blog\/wp-json\/wp\/v2\/posts\/648"}],"collection":[{"href":"https:\/\/www.626antincendi.it\/blog\/wp-json\/wp\/v2\/posts"}],"about":[{"href":"https:\/\/www.626antincendi.it\/blog\/wp-json\/wp\/v2\/types\/post"}],"author":[{"embeddable":true,"href":"https:\/\/www.626antincendi.it\/blog\/wp-json\/wp\/v2\/users\/1"}],"replies":[{"embeddable":true,"href":"https:\/\/www.626antincendi.it\/blog\/wp-json\/wp\/v2\/comments?post=648"}],"version-history":[{"count":5,"href":"https:\/\/www.626antincendi.it\/blog\/wp-json\/wp\/v2\/posts\/648\/revisions"}],"predecessor-version":[{"id":654,"href":"https:\/\/www.626antincendi.it\/blog\/wp-json\/wp\/v2\/posts\/648\/revisions\/654"}],"wp:featuredmedia":[{"embeddable":true,"href":"https:\/\/www.626antincendi.it\/blog\/wp-json\/wp\/v2\/media\/650"}],"wp:attachment":[{"href":"https:\/\/www.626antincendi.it\/blog\/wp-json\/wp\/v2\/media?parent=648"}],"wp:term":[{"taxonomy":"category","embeddable":true,"href":"https:\/\/www.626antincendi.it\/blog\/wp-json\/wp\/v2\/categories?post=648"},{"taxonomy":"post_tag","embeddable":true,"href":"https:\/\/www.626antincendi.it\/blog\/wp-json\/wp\/v2\/tags?post=648"}],"curies":[{"name":"wp","href":"https:\/\/api.w.org\/{rel}","templated":true}]}}